{"id":1207,"date":"2022-08-18T20:06:18","date_gmt":"2022-08-18T18:06:18","guid":{"rendered":"https:\/\/www.tatwortimnetz.de\/Hoerspiel\/?p=1207"},"modified":"2022-09-13T22:41:23","modified_gmt":"2022-09-13T20:41:23","slug":"die-macht-der-worte-mixdown-2022","status":"publish","type":"post","link":"http:\/\/www.tatwortimnetz.de\/Hoerspiel\/2022\/08\/18\/die-macht-der-worte-mixdown-2022\/","title":{"rendered":"Die Macht der Worte (MixDown 2022)"},"content":{"rendered":"\n<p>Was wir t\u00e4glich h\u00f6ren, pr\u00e4gt uns. Als einer der wenigen Sinne kann das H\u00f6ren nicht einfach abgeschaltet werden und ist somit ein permanenter direkter Zugang zu unseren Gedanken. Damit hat auch die Sprache als Spiel der Worte eine enorme Macht und Bedeutung. Sei es als Gespr\u00e4ch zwischen zwei Menschen, als Rede, Gesang oder als H\u00f6rspiel. Wege und Formen, wie uns Worte erreichen gibt es viele.<\/p>\n\n\n\n<p>Mit drei wortm\u00e4chtigen Gespr\u00e4chspartner*innen schaut das H\u00f6rSpielLab M\u00fcnster auf diese \u201cMacht der Worte\u201d. Jene haben alle ihren eigenen, h\u00f6chst unterschiedlichen Zugang zu Worten und deren Macht. Sei es als Sprecher*in auf der B\u00fchne und mit der Frage, wie aus dem geschriebenen Wort durch das Aussprechen machtvoller Klang wird. Oder aber der Blick jeder, die sich mit Worten ihrer eigenen Geschichte bem\u00e4chtigen und zeigen, wie sie durch Schreiben und Sprechen ihrer EIGENEN Worte Macht \u00fcber sich (zur\u00fcck-)erlangen.  Am 17.09. kommen diese Perspektiven auf die \u201cMacht der Worte\u201d zusammen und werden von einer Lesung erg\u00e4nzt, welche die Macht der Sprache nochmal f\u00fcr Alle h\u00f6rbar macht.&nbsp;<\/p>\n\n\n\n<p>Zu Gast sind Silvia Nwadiuto Chike (\u201cigbo-westphalian writer\u201d,  Studentin, BIPOC-Referentin des AStA der Uni M\u00fcnster und Community-Moderatorin von Zeit Online), Alban Renz (Theaterp\u00e4dagoge, Schauspieler, Regisseur und K\u00fcnstlerischer Leiter von \u201eCactus Junges Theater\u201c) und Sira Busch (Mathematikerin, Poetry-Slammerin, Buchautorin und Bodybuilderin). Moderiert wird der Abend von Marie Brand (Volont\u00e4rin beim MDR und ehemalige Moderatorin bei Radio Q).<\/p>\n\n\n\n<p><strong>Die Veranstaltung findet am 17.9. im Caf\u00e9 Liebling (Hansaring 40) um 19 Uhr statt und der Eintritt ist frei.<\/strong><\/p>\n\n\n\n<div class=\"wp-block-columns is-layout-flex wp-container-core-columns-is-layout-9d6595d7 wp-block-columns-is-layout-flex\">\n<div class=\"wp-block-column is-layout-flow wp-block-column-is-layout-flow\">\n<figure class=\"wp-block-image size-large\"><img loading=\"lazy\" decoding=\"async\" width=\"1024\" height=\"1024\" src=\"https:\/\/www.tatwortimnetz.de\/Hoerspiel\/wp-content\/uploads\/2022\/08\/Marie-Brand_Bild_quadrat-1024x1024.jpg\" alt=\"\" class=\"wp-image-1209\" srcset=\"http:\/\/www.tatwortimnetz.de\/Hoerspiel\/wp-content\/uploads\/2022\/08\/Marie-Brand_Bild_quadrat-1024x1024.jpg 1024w, http:\/\/www.tatwortimnetz.de\/Hoerspiel\/wp-content\/uploads\/2022\/08\/Marie-Brand_Bild_quadrat-300x300.jpg 300w, http:\/\/www.tatwortimnetz.de\/Hoerspiel\/wp-content\/uploads\/2022\/08\/Marie-Brand_Bild_quadrat-150x150.jpg 150w, http:\/\/www.tatwortimnetz.de\/Hoerspiel\/wp-content\/uploads\/2022\/08\/Marie-Brand_Bild_quadrat-768x768.jpg 768w, http:\/\/www.tatwortimnetz.de\/Hoerspiel\/wp-content\/uploads\/2022\/08\/Marie-Brand_Bild_quadrat-1536x1536.jpg 1536w, http:\/\/www.tatwortimnetz.de\/Hoerspiel\/wp-content\/uploads\/2022\/08\/Marie-Brand_Bild_quadrat-2048x2048.jpg 2048w, http:\/\/www.tatwortimnetz.de\/Hoerspiel\/wp-content\/uploads\/2022\/08\/Marie-Brand_Bild_quadrat-100x100.jpg 100w\" sizes=\"auto, (max-width: 706px) 89vw, (max-width: 767px) 82vw, 740px\" \/><figcaption><strong>Marie Brand<\/strong> arbeitet seit 2019 als Journalistin und Moderatorin: angefangen bei Radio Q, dem Campusradio der Uni M\u00fcnster. Dort studierte sie Anglistik und Soziologie, daneben arbeitete Marie f\u00fcr die ZEIT als Podcast-Kolumnistin und Autorin. F\u00fcr den WDR und SWR produzierte sie Radio- und Onlinebeitr\u00e4ge. Seit diesem Jahr macht Marie ein Redaktionsvolontariat beim MDR in Leipzig.<br><\/figcaption><\/figure>\n<\/div>\n\n\n\n<div class=\"wp-block-column is-layout-flow wp-block-column-is-layout-flow\">\n<figure class=\"wp-block-image size-large\"><img loading=\"lazy\" decoding=\"async\" width=\"1024\" height=\"1024\" src=\"https:\/\/www.tatwortimnetz.de\/Hoerspiel\/wp-content\/uploads\/2022\/08\/Sira-Busch_pressefoto_quadrat-1024x1024.jpg\" alt=\"\" class=\"wp-image-1208\" srcset=\"http:\/\/www.tatwortimnetz.de\/Hoerspiel\/wp-content\/uploads\/2022\/08\/Sira-Busch_pressefoto_quadrat-1024x1024.jpg 1024w, http:\/\/www.tatwortimnetz.de\/Hoerspiel\/wp-content\/uploads\/2022\/08\/Sira-Busch_pressefoto_quadrat-300x300.jpg 300w, http:\/\/www.tatwortimnetz.de\/Hoerspiel\/wp-content\/uploads\/2022\/08\/Sira-Busch_pressefoto_quadrat-150x150.jpg 150w, http:\/\/www.tatwortimnetz.de\/Hoerspiel\/wp-content\/uploads\/2022\/08\/Sira-Busch_pressefoto_quadrat-768x768.jpg 768w, http:\/\/www.tatwortimnetz.de\/Hoerspiel\/wp-content\/uploads\/2022\/08\/Sira-Busch_pressefoto_quadrat-1536x1536.jpg 1536w, http:\/\/www.tatwortimnetz.de\/Hoerspiel\/wp-content\/uploads\/2022\/08\/Sira-Busch_pressefoto_quadrat-2048x2048.jpg 2048w, http:\/\/www.tatwortimnetz.de\/Hoerspiel\/wp-content\/uploads\/2022\/08\/Sira-Busch_pressefoto_quadrat-100x100.jpg 100w\" sizes=\"auto, (max-width: 706px) 89vw, (max-width: 767px) 82vw, 740px\" \/><figcaption>Seit 2012 steht <strong>Sira Busch<\/strong> mit ihren humoristischen Geschichten auf den Slam- und Leseb\u00fchnen. Jetzt hat die studierte Mathematikerin ein Buch ver\u00f6ffentlicht, was eine andere Facette der Autorin zeigt. Es geht um Schablonen, bestimmte Vorstellungen, Stereotype, die uns teils helfen, teils schaden, die zu hinterfragen und zu verstehen, aber dazu f\u00fchren kann, Schranken in unseren K\u00f6pfen abzubauen und zu einer gerechteren Gesellschaft zu kommen &#8211; ohne Sexismus, Rassismus, Klassismus, Transfeindlichkeit und Ableismus.<br><\/figcaption><\/figure>\n<\/div>\n<\/div>\n\n\n\n<div class=\"wp-block-columns is-layout-flex wp-container-core-columns-is-layout-9d6595d7 wp-block-columns-is-layout-flex\">\n<div class=\"wp-block-column is-layout-flow wp-block-column-is-layout-flow\">\n<figure class=\"wp-block-image size-large\"><img loading=\"lazy\" decoding=\"async\" width=\"1024\" height=\"1024\" src=\"https:\/\/www.tatwortimnetz.de\/Hoerspiel\/wp-content\/uploads\/2022\/08\/Chike_SN-1024x1024.jpg\" alt=\"\" class=\"wp-image-1210\" srcset=\"http:\/\/www.tatwortimnetz.de\/Hoerspiel\/wp-content\/uploads\/2022\/08\/Chike_SN-1024x1024.jpg 1024w, http:\/\/www.tatwortimnetz.de\/Hoerspiel\/wp-content\/uploads\/2022\/08\/Chike_SN-300x300.jpg 300w, http:\/\/www.tatwortimnetz.de\/Hoerspiel\/wp-content\/uploads\/2022\/08\/Chike_SN-150x150.jpg 150w, http:\/\/www.tatwortimnetz.de\/Hoerspiel\/wp-content\/uploads\/2022\/08\/Chike_SN-768x768.jpg 768w, http:\/\/www.tatwortimnetz.de\/Hoerspiel\/wp-content\/uploads\/2022\/08\/Chike_SN-1536x1536.jpg 1536w, http:\/\/www.tatwortimnetz.de\/Hoerspiel\/wp-content\/uploads\/2022\/08\/Chike_SN-2048x2048.jpg 2048w, http:\/\/www.tatwortimnetz.de\/Hoerspiel\/wp-content\/uploads\/2022\/08\/Chike_SN-100x100.jpg 100w\" sizes=\"auto, (max-width: 706px) 89vw, (max-width: 767px) 82vw, 740px\" \/><figcaption><strong>Silvia Nwadiuto Chike<\/strong> m\u00f6chte Sprache und Spoken Word nutzen, um menschliche N\u00e4he und Verst\u00e4ndnis zu schaffen und gesellschaftliche Innovationspotentiale zu erkunden. In M\u00fcnster war sie bereits auf der B\u00fchne des TatWort Poetry Slams und auf der Burg H\u00fclshoff (Center for Literature) zu h\u00f6ren. Sie studiert Politik und Recht, ist Autonome Referentin des BIPoC- Referats der Uni M\u00fcnster und arbeitet im Community-Moderationsteam von Zeit Online<br><\/figcaption><\/figure>\n<\/div>\n\n\n\n<div class=\"wp-block-column is-layout-flow wp-block-column-is-layout-flow\">\n<figure class=\"wp-block-image size-large\"><img loading=\"lazy\" decoding=\"async\" width=\"1024\" height=\"1024\" src=\"https:\/\/www.tatwortimnetz.de\/Hoerspiel\/wp-content\/uploads\/2022\/08\/Bild-Alban-Renz_quadrat-1024x1024.jpg\" alt=\"\" class=\"wp-image-1222\" srcset=\"http:\/\/www.tatwortimnetz.de\/Hoerspiel\/wp-content\/uploads\/2022\/08\/Bild-Alban-Renz_quadrat-1024x1024.jpg 1024w, http:\/\/www.tatwortimnetz.de\/Hoerspiel\/wp-content\/uploads\/2022\/08\/Bild-Alban-Renz_quadrat-300x300.jpg 300w, http:\/\/www.tatwortimnetz.de\/Hoerspiel\/wp-content\/uploads\/2022\/08\/Bild-Alban-Renz_quadrat-150x150.jpg 150w, http:\/\/www.tatwortimnetz.de\/Hoerspiel\/wp-content\/uploads\/2022\/08\/Bild-Alban-Renz_quadrat-768x768.jpg 768w, http:\/\/www.tatwortimnetz.de\/Hoerspiel\/wp-content\/uploads\/2022\/08\/Bild-Alban-Renz_quadrat-1536x1536.jpg 1536w, http:\/\/www.tatwortimnetz.de\/Hoerspiel\/wp-content\/uploads\/2022\/08\/Bild-Alban-Renz_quadrat-2048x2048.jpg 2048w, http:\/\/www.tatwortimnetz.de\/Hoerspiel\/wp-content\/uploads\/2022\/08\/Bild-Alban-Renz_quadrat-100x100.jpg 100w\" sizes=\"auto, (max-width: 706px) 89vw, (max-width: 767px) 82vw, 740px\" \/><figcaption> <strong>Alban Renz<\/strong>, geb. 1973 in Bonn, ist freier Theaterp\u00e4dagoge, Regisseur und Schauspieler. Seit 2006 ist er k\u00fcnstlerischer Leiter bei Cactus junges Theater in M\u00fcnster. W\u00e4hrend er als k\u00fcnstlerischer Leiter von Cactus mit seit seinem Team das Programm und Theaterprojekte organisiert, leitet er als Regisseur und Theaterp\u00e4dagoge junge Laien- und Semiprofessionelle&nbsp; Spieler*innen an.&nbsp; Als Schauspieler und Sprecher arbeitet er aktuell vor allem im \u201cTheater ex libris&#8220;- Ensemble mit. Hier liest und spielt er Live H\u00f6rspiele (zb. Dracula, Sherlock Holmes, Dickens Weihnachtsgeschichte) (Bild: Sarah Koska)<\/figcaption><\/figure>\n\n\n\n<p><\/p>\n<\/div>\n<\/div>\n","protected":false},"excerpt":{"rendered":"<p>Was wir t\u00e4glich h\u00f6ren, pr\u00e4gt uns. Als einer der wenigen Sinne kann das H\u00f6ren nicht einfach abgeschaltet werden und ist somit ein permanenter direkter Zugang zu unseren Gedanken. Damit hat auch die Sprache als Spiel der Worte eine enorme Macht und Bedeutung. Sei es als Gespr\u00e4ch zwischen zwei Menschen, als Rede, Gesang oder als H\u00f6rspiel. &hellip; <\/p>\n<p class=\"link-more\"><a href=\"http:\/\/www.tatwortimnetz.de\/Hoerspiel\/2022\/08\/18\/die-macht-der-worte-mixdown-2022\/\" class=\"more-link\"><span class=\"screen-reader-text\">\u201eDie Macht der Worte (MixDown 2022)\u201c<\/span> weiterlesen<\/a><\/p>\n","protected":false},"author":1,"featured_media":1230,"comment_status":"closed","ping_status":"open","sticky":false,"template":"","format":"standard","meta":{"footnotes":""},"categories":[27],"tags":[],"class_list":["post-1207","post","type-post","status-publish","format-standard","has-post-thumbnail","hentry","category-news"],"_links":{"self":[{"href":"http:\/\/www.tatwortimnetz.de\/Hoerspiel\/wp-json\/wp\/v2\/posts\/1207","targetHints":{"allow":["GET"]}}],"collection":[{"href":"http:\/\/www.tatwortimnetz.de\/Hoerspiel\/wp-json\/wp\/v2\/posts"}],"about":[{"href":"http:\/\/www.tatwortimnetz.de\/Hoerspiel\/wp-json\/wp\/v2\/types\/post"}],"author":[{"embeddable":true,"href":"http:\/\/www.tatwortimnetz.de\/Hoerspiel\/wp-json\/wp\/v2\/users\/1"}],"replies":[{"embeddable":true,"href":"http:\/\/www.tatwortimnetz.de\/Hoerspiel\/wp-json\/wp\/v2\/comments?post=1207"}],"version-history":[{"count":8,"href":"http:\/\/www.tatwortimnetz.de\/Hoerspiel\/wp-json\/wp\/v2\/posts\/1207\/revisions"}],"predecessor-version":[{"id":1235,"href":"http:\/\/www.tatwortimnetz.de\/Hoerspiel\/wp-json\/wp\/v2\/posts\/1207\/revisions\/1235"}],"wp:featuredmedia":[{"embeddable":true,"href":"http:\/\/www.tatwortimnetz.de\/Hoerspiel\/wp-json\/wp\/v2\/media\/1230"}],"wp:attachment":[{"href":"http:\/\/www.tatwortimnetz.de\/Hoerspiel\/wp-json\/wp\/v2\/media?parent=1207"}],"wp:term":[{"taxonomy":"category","embeddable":true,"href":"http:\/\/www.tatwortimnetz.de\/Hoerspiel\/wp-json\/wp\/v2\/categories?post=1207"},{"taxonomy":"post_tag","embeddable":true,"href":"http:\/\/www.tatwortimnetz.de\/Hoerspiel\/wp-json\/wp\/v2\/tags?post=1207"}],"curies":[{"name":"wp","href":"https:\/\/api.w.org\/{rel}","templated":true}]}}