{"id":771,"date":"2021-03-21T15:21:00","date_gmt":"2021-03-21T14:21:00","guid":{"rendered":"http:\/\/www.tatwortimnetz.de\/Hoerspiel\/?p=771"},"modified":"2021-06-03T22:16:46","modified_gmt":"2021-06-03T20:16:46","slug":"lesunng-von-nele-mueller-interview","status":"publish","type":"post","link":"http:\/\/www.tatwortimnetz.de\/Hoerspiel\/2021\/03\/21\/lesunng-von-nele-mueller-interview\/","title":{"rendered":"Lesung von Nele M\u00fcller"},"content":{"rendered":"\n<p>Nele M\u00fcller ist 25 Jahre alt und lebt seit knapp 3 Jahren in M\u00fcnster. Angefangen zu schreiben hat sie im Rahmen eines Leseb\u00fchnen-Workshops in Celle. Mittlerweile schreibt, liest und ver\u00f6ffentlicht sie ihre Texte schon seit einigen Jahren. Nele M\u00fcller schreibt sehr pers\u00f6nliche Geschichten, die sich aus ihrer eigenen Erfahrung speisen. Ihr Ziel ist es eigene Erfahrungen auch jenen zu vermitteln, die sie nicht selbst gemacht haben, und jene mit \u00e4hnlichen Erfahrungen zu empowern. Neben ihrer Kreativen t\u00e4tigkeit vertritt sie die Interessen der BIPoC-Studierendenschaft an ihrer Uni und studiert dort Germanistik und Soziologie. In ihrer Arbeit versucht sie ihr politisches und kreatives Engagement zu vereinen.&nbsp;<\/p>\n\n\n\n<p>F\u00fcr das MixDown-Event hat Nele M\u00fcller einige kurze Texte vorbereitet und spricht im Interview \u00fcber ihre Anf\u00e4nge in der Leseb\u00fchnenszene, ihre Motivation f\u00fcrs Schreiben und die aktuelle Situation der Kultur.<\/p>\n\n\n\n<figure class=\"wp-block-embed is-type-video is-provider-vimeo wp-block-embed-vimeo wp-embed-aspect-16-9 wp-has-aspect-ratio\"><div class=\"wp-block-embed__wrapper\">\n<iframe loading=\"lazy\" title=\"MixDown Digital: Nele M\u00fcller - Lesung und Interview komplett\" src=\"https:\/\/player.vimeo.com\/video\/525830916?dnt=1&amp;app_id=122963\" width=\"525\" height=\"295\" frameborder=\"0\" allow=\"autoplay; fullscreen; picture-in-picture; clipboard-write\"><\/iframe>\n<\/div><\/figure>\n","protected":false},"excerpt":{"rendered":"<p>Nele M\u00fcller ist 25 Jahre alt und lebt seit knapp 3 Jahren in M\u00fcnster. Angefangen zu schreiben hat sie im Rahmen eines Leseb\u00fchnen-Workshops in Celle. Mittlerweile schreibt, liest und ver\u00f6ffentlicht sie ihre Texte schon seit einigen Jahren. Nele M\u00fcller schreibt sehr pers\u00f6nliche Geschichten, die sich aus ihrer eigenen Erfahrung speisen. Ihr Ziel ist es eigene &hellip; <\/p>\n<p class=\"link-more\"><a href=\"http:\/\/www.tatwortimnetz.de\/Hoerspiel\/2021\/03\/21\/lesunng-von-nele-mueller-interview\/\" class=\"more-link\"><span class=\"screen-reader-text\">\u201eLesung von Nele M\u00fcller\u201c<\/span> weiterlesen<\/a><\/p>\n","protected":false},"author":1,"featured_media":774,"comment_status":"closed","ping_status":"open","sticky":false,"template":"","format":"standard","meta":{"footnotes":""},"categories":[30],"tags":[],"class_list":["post-771","post","type-post","status-publish","format-standard","has-post-thumbnail","hentry","category-mixdown-2020"],"_links":{"self":[{"href":"http:\/\/www.tatwortimnetz.de\/Hoerspiel\/wp-json\/wp\/v2\/posts\/771","targetHints":{"allow":["GET"]}}],"collection":[{"href":"http:\/\/www.tatwortimnetz.de\/Hoerspiel\/wp-json\/wp\/v2\/posts"}],"about":[{"href":"http:\/\/www.tatwortimnetz.de\/Hoerspiel\/wp-json\/wp\/v2\/types\/post"}],"author":[{"embeddable":true,"href":"http:\/\/www.tatwortimnetz.de\/Hoerspiel\/wp-json\/wp\/v2\/users\/1"}],"replies":[{"embeddable":true,"href":"http:\/\/www.tatwortimnetz.de\/Hoerspiel\/wp-json\/wp\/v2\/comments?post=771"}],"version-history":[{"count":3,"href":"http:\/\/www.tatwortimnetz.de\/Hoerspiel\/wp-json\/wp\/v2\/posts\/771\/revisions"}],"predecessor-version":[{"id":792,"href":"http:\/\/www.tatwortimnetz.de\/Hoerspiel\/wp-json\/wp\/v2\/posts\/771\/revisions\/792"}],"wp:featuredmedia":[{"embeddable":true,"href":"http:\/\/www.tatwortimnetz.de\/Hoerspiel\/wp-json\/wp\/v2\/media\/774"}],"wp:attachment":[{"href":"http:\/\/www.tatwortimnetz.de\/Hoerspiel\/wp-json\/wp\/v2\/media?parent=771"}],"wp:term":[{"taxonomy":"category","embeddable":true,"href":"http:\/\/www.tatwortimnetz.de\/Hoerspiel\/wp-json\/wp\/v2\/categories?post=771"},{"taxonomy":"post_tag","embeddable":true,"href":"http:\/\/www.tatwortimnetz.de\/Hoerspiel\/wp-json\/wp\/v2\/tags?post=771"}],"curies":[{"name":"wp","href":"https:\/\/api.w.org\/{rel}","templated":true}]}}