{"id":859,"global_id":"www.tatwortimnetz.de\/Kunst?id=859","global_id_lineage":["www.tatwortimnetz.de\/Kunst?id=859"],"author":"1","status":"publish","date":"2022-04-15 16:03:56","date_utc":"2022-04-15 14:03:56","modified":"2022-04-15 16:06:34","modified_utc":"2022-04-15 14:06:34","url":"http:\/\/www.tatwortimnetz.de\/Kunst\/event\/christian-heeck-malerei-werkschau\/","rest_url":"http:\/\/www.tatwortimnetz.de\/Kunst\/wp-json\/tribe\/events\/v1\/events\/859","title":"Christian Heeck, Malerei \u201eWerkschau\u201c","description":"<p><strong>Eine Werkschau zum 70. Geburtstag, 50 Jahre Malerei, 20 Jahre Atelier Am Hawerkamp.<\/strong><\/p>\n<p>Der Maler und Kunstvermittler hat seine energiegeladenen, dynamischen Arbeiten in vielen Ausstellungen im In- und Ausland gezeigt. Diese Werkschau gibt Einblicke in die wichtigsten Serien der letzten Jahre. Die faszinierenden Br\u00fccken zwischen Kunst, Kreativit\u00e4t und Lebenssinn, die der K\u00fcnstler in seinen Vortr\u00e4gen, Workshops und seinem Engagement als Kulturreferent am Uniklinikum und in der Hospizbewegung schl\u00e4gt, spiegeln sich auch in seiner Malerei. Eine Einladung zu einer Entdeckungsreise ins Unbekannte!<\/p>\n<p><strong>\u00d6ffnungszeiten<\/strong><br \/>\nSamstags und Sonntags<br \/>\n15.00 bis \u2013 18.00 Uhr<\/p>\n<p><strong>Vernissage<\/strong><br \/>\nSamstag, 21.5.2022<br \/>\n15.00 bis 18.00 Uhr<br \/>\nBegr\u00fc\u00dfung: Angela St\u00e4hler, B\u00fcrgermeisterin der Stadt M\u00fcnster<br \/>\nEinf\u00fchrung: Winfried Baetz-Braunias, Regisseur und Filmpublizist<br \/>\nMusikalische Impulse: Christoph Haberer, Percussion, Acoustic und Electronic Drums<\/p>\n<p><strong>Weitere Termine<\/strong><\/p>\n<p>Sonntag, 22.5.2022<br \/>\n15.00 \u2013 18.00 Uhr<br \/>\nMusik: Gregor Stennecken, Saxophon Live<\/p>\n<p>Samstag 28.05., Sonntag 29.5., Samstag 4.06.\u00a0 ,Sonntag 5.06. jeweils 15.00 \u2013 18.00 Uhr<br \/>\nDonnerstag, 9.6.2022 , 19 Uhr<br \/>\n\u201eLet\u2019s talk about\u2026\u201c \u2013 Gespr\u00e4che zur Kunst mit Dr. Daniel M\u00fcller Hofstede, LWL Museum f\u00fcr Kunst und Kultur; Raoul Schoregge, Clown und Manager; Christian Heeck<br \/>\nModeration: Winfried Baetz-Braunias<br \/>\nMusik: J\u00fcrgen Bleibel<\/p>\n<p>Finissage<br \/>\n11.6. und 12.6.2022<br \/>\n15.00 bis 18.00 Uhr<\/p>\n<p>Auch an anderen Tagen zeigt Ihnen der K\u00fcnstler seine Bilder.<br \/>\nTermine, auch f\u00fcr Gruppen, nach Absprache: Telefon 0176 64 62 53 80<\/p>","excerpt":"","slug":"christian-heeck-malerei-werkschau","image":{"url":"http:\/\/www.tatwortimnetz.de\/Kunst\/wp-content\/uploads\/2022\/04\/chriastianheek.webp","id":862,"extension":"webp","width":889,"height":1280,"sizes":{"medium":{"width":208,"height":300,"mime-type":"image\/webp","url":"http:\/\/www.tatwortimnetz.de\/Kunst\/wp-content\/uploads\/2022\/04\/chriastianheek-208x300.webp"},"large":{"width":711,"height":1024,"mime-type":"image\/webp","url":"http:\/\/www.tatwortimnetz.de\/Kunst\/wp-content\/uploads\/2022\/04\/chriastianheek-711x1024.webp"},"thumbnail":{"width":150,"height":150,"mime-type":"image\/webp","url":"http:\/\/www.tatwortimnetz.de\/Kunst\/wp-content\/uploads\/2022\/04\/chriastianheek-150x150.webp"},"medium_large":{"width":768,"height":1106,"mime-type":"image\/webp","url":"http:\/\/www.tatwortimnetz.de\/Kunst\/wp-content\/uploads\/2022\/04\/chriastianheek-768x1106.webp"},"ab-block-post-grid-landscape":{"width":600,"height":400,"mime-type":"image\/webp","url":"http:\/\/www.tatwortimnetz.de\/Kunst\/wp-content\/uploads\/2022\/04\/chriastianheek-600x400.webp"},"ab-block-post-grid-square":{"width":600,"height":600,"mime-type":"image\/webp","url":"http:\/\/www.tatwortimnetz.de\/Kunst\/wp-content\/uploads\/2022\/04\/chriastianheek-600x600.webp"},"gb-block-post-grid-landscape":{"width":600,"height":400,"mime-type":"image\/webp","url":"http:\/\/www.tatwortimnetz.de\/Kunst\/wp-content\/uploads\/2022\/04\/chriastianheek-600x400.webp"},"gb-block-post-grid-square":{"width":600,"height":600,"mime-type":"image\/webp","url":"http:\/\/www.tatwortimnetz.de\/Kunst\/wp-content\/uploads\/2022\/04\/chriastianheek-600x600.webp"}}},"all_day":true,"start_date":"2022-05-21 00:00:00","start_date_details":{"year":"2022","month":"05","day":"21","hour":"00","minutes":"00","seconds":"00"},"end_date":"2022-06-12 23:59:59","end_date_details":{"year":"2022","month":"06","day":"12","hour":"23","minutes":"59","seconds":"59"},"utc_start_date":"2022-05-20 22:00:00","utc_start_date_details":{"year":"2022","month":"05","day":"20","hour":"22","minutes":"00","seconds":"00"},"utc_end_date":"2022-06-12 21:59:59","utc_end_date_details":{"year":"2022","month":"06","day":"12","hour":"21","minutes":"59","seconds":"59"},"timezone":"Europe\/Berlin","timezone_abbr":"CEST","cost":"","cost_details":{"currency_symbol":"","currency_code":"","currency_position":"prefix","values":[]},"website":"https:\/\/am-hawerkamp.de\/event\/christian-heeck-malerei-werkschau\/","show_map":true,"show_map_link":true,"hide_from_listings":false,"sticky":false,"featured":false,"categories":[],"tags":[],"venue":{"id":304,"author":"1","status":"publish","date":"2022-01-18 18:29:14","date_utc":"2022-01-18 17:29:14","modified":"2022-01-18 18:29:14","modified_utc":"2022-01-18 17:29:14","url":"http:\/\/www.tatwortimnetz.de\/Kunst\/veranstaltungsort\/ausstellungshalle-hawerkamp\/","venue":"Ausstellungshalle Hawerkamp","slug":"ausstellungshalle-hawerkamp","address":"Am Hawerkamp 31","city":"M\u00fcnster","country":"Deutschland","zip":"48155","website":"https:\/\/am-hawerkamp.de","json_ld":{"@type":"Place","name":"Ausstellungshalle Hawerkamp","description":"","url":"","address":{"@type":"PostalAddress","streetAddress":"Am Hawerkamp 31","addressLocality":"M\u00fcnster","postalCode":"48155","addressCountry":"Deutschland"},"telephone":"","sameAs":"https:\/\/am-hawerkamp.de"},"show_map":true,"show_map_link":true,"global_id":"www.tatwortimnetz.de\/Kunst?id=304","global_id_lineage":["www.tatwortimnetz.de\/Kunst?id=304"]},"organizer":[{"id":305,"author":"1","status":"publish","date":"2022-01-18 18:29:14","date_utc":"2022-01-18 17:29:14","modified":"2022-01-18 18:29:14","modified_utc":"2022-01-18 17:29:14","url":"http:\/\/www.tatwortimnetz.de\/Kunst\/veranstalter\/ausstellungshalle-hawerkamp\/","organizer":"Ausstellungshalle Hawerkamp","slug":"ausstellungshalle-hawerkamp","website":"www.am-hawerkamp.de","json_ld":{"@type":"Person","name":"Ausstellungshalle Hawerkamp","description":"","url":"http:\/\/www.am-hawerkamp.de","telephone":"","email":"","sameAs":"http:\/\/www.am-hawerkamp.de"},"global_id":"www.tatwortimnetz.de\/Kunst?id=305","global_id_lineage":["www.tatwortimnetz.de\/Kunst?id=305"]}],"json_ld":{"@context":"http:\/\/schema.org","@type":"Event","name":"Christian Heeck, Malerei \u201eWerkschau\u201c","description":"&lt;p&gt;Eine Werkschau zum 70. Geburtstag, 50 Jahre Malerei, 20 Jahre Atelier Am Hawerkamp. Der Maler und Kunstvermittler hat seine energiegeladenen, dynamischen Arbeiten in vielen Ausstellungen im In- und Ausland gezeigt. [&hellip;]&lt;\/p&gt;\\n","image":"http:\/\/www.tatwortimnetz.de\/Kunst\/wp-content\/uploads\/2022\/04\/chriastianheek.webp","url":"http:\/\/www.tatwortimnetz.de\/Kunst\/event\/christian-heeck-malerei-werkschau\/","eventAttendanceMode":"https:\/\/schema.org\/OfflineEventAttendanceMode","eventStatus":"https:\/\/schema.org\/EventScheduled","startDate":"2022-05-21T00:00:00+02:00","endDate":"2022-06-12T23:59:59+02:00","location":{"@type":"Place","name":"Ausstellungshalle Hawerkamp","description":"","url":"","address":{"@type":"PostalAddress","streetAddress":"Am Hawerkamp 31","addressLocality":"M\u00fcnster","postalCode":"48155","addressCountry":"Deutschland"},"telephone":"","sameAs":"https:\/\/am-hawerkamp.de"},"organizer":{"@type":"Person","name":"Ausstellungshalle Hawerkamp","description":"","url":"http:\/\/www.am-hawerkamp.de","telephone":"","email":"","sameAs":"http:\/\/www.am-hawerkamp.de"},"performer":"Organization"}}